{"id":13091,"date":"2025-06-03T20:04:08","date_gmt":"2025-06-03T20:04:08","guid":{"rendered":"https:\/\/printsale.lv\/davanas\/personificeti-t-krekli-musdienu-modes-self-izteiksme\/"},"modified":"2025-06-03T20:04:08","modified_gmt":"2025-06-03T20:04:08","slug":"personificeti-t-krekli-musdienu-modes-self-izteiksme","status":"publish","type":"post","link":"https:\/\/printsale.lv\/davanas\/personificeti-t-krekli-musdienu-modes-self-izteiksme\/","title":{"rendered":"Personific\u0113ti t-krekli: M\u016bsdienu Modes Self-izteiksme"},"content":{"rendered":"<p> <strong>Personific\u0113ti t-krekli: \u200dM\u016bsdienu modes Self-izteiksme<\/strong><\/p>\n<p>M\u016bsdienu modes \u200bpasaule ir k\u013cuvusi par saskarsmes lauku, kur katrs\u2062 indiv\u012bds mekl\u0113 veidus, k\u0101 izteikt sevi. Starp \u0161iem rado\u0161ajiem pa\u0146\u0113mieniem personific\u0113ti \u2064t-krekli ir ieguvu\u0161i \u012bpa\u0161u noz\u012bmi \u200b\u2013 tie ir ne tikai ap\u0123\u0113rba gabali, bet ar\u012b person\u012bbas \u2063un \u200cviedok\u013cu nes\u0113ji. Ikviens t-krekls\u200d st\u0101sta st\u0101stu,atspogu\u013co m\u0101kslas vai soci\u0101lo\u2064 koment\u0101ru,\u013caujot\u200d valk\u0101t\u0101jam ne tikai izskat\u012bties \u200bstil\u012bgi,bet ar\u012b veidot\u2063 dialogu ar apk\u0101rt\u0113jiem. \u0160aj\u0101 rakst\u0101 iepaz\u012bsimies \u200car \u0161\u012b fenom\u0113na patieso dabu,analiz\u0113jot,k\u0101 personific\u0113ti\u2063 t-krekli \u200bk\u013c\u016bst par m\u016bsdienu modes \u2062izteiksmes l\u012bdzekli un k\u0101 \u200ctie ietekm\u0113 m\u016bsu\u2064 ikdienu,identit\u0101ti\u200b un \u2062kult\u016bras telpu.<\/p>\n<h2 id=\"personificeti-t-krekli-ka-individualas-identitates-atspogulojums\">Personific\u0113ti t-krekli k\u0101 individu\u0101las\u2064 identit\u0101tes atspogu\u013cojums<\/h2>\n<p>M\u016bsdien\u0101s\u2064 personific\u0113ti t-krekli k\u013c\u016bst par noz\u012bm\u012bgu \u2062identit\u0101tes simbolu, pied\u0101v\u0101jot indiv\u012bdiem iesp\u0113ju izpaust savu unik\u0101lo stilu un v\u0113rt\u012bbas. T-krekls,kas izraisa emocijas vai pau\u017e noteiktas idejas,ir \u2063vair\u0101k\u200c nek\u0101 vienk\u0101r\u0161s \u200dap\u0123\u0113rba gabals \u2013 \u2062tas ir rado\u0161i izstr\u0101d\u0101ts\u2064 medijs,caur \u200dkuru cilv\u0113ki komunic\u0113 ar apk\u0101rt\u0113jo pasauli.<\/p>\n<p>Katra\u200c persona,\u200b izv\u0113loties t-kreklu\u2064 ar specifisku dizainu \u2062vai uzrakstu, atkl\u0101j savas intereses, p\u0101rliec\u012bbas un pasaules uzskatus. \u0160\u0101di\u200b individu\u0101li veidoti ap\u0123\u0113rbi ne \u200btikai identific\u0113 to valk\u0101t\u0101ju, bet ar\u012b veicina diskusijas un mijiedarb\u012bbu ar citiem. Tas noz\u012bm\u0113, ka t-krekls var kalpot par soci\u0101lu instrumentu,\u200c kas pal\u012bdz veidot attiec\u012bbas un rad\u012bt saikni starp cilv\u0113kiem ar l\u012bdz\u012bg\u0101m v\u0113rt\u012bb\u0101m vai uzskatiem.<\/p>\n<p>T-krekli \u200dk\u0101 modes izpausmes l\u012bdzekli izmanto ne tikai jaunie\u0161i, bet ar\u012b da\u017e\u0101du vecumu un soci\u0101lo grupu p\u0101rst\u0101vji. Tas\u200c nor\u0101da uz\u200b pla\u0161u pieejam\u012bbu \u2064un atzin\u012bbu, ko \u0161\u012b modes ni\u0161a ir \u200cieguvusi. Caur personific\u0113tiem \u200dt-krekliem tiek apskat\u012bts ar\u012b pla\u0161\u0101ks t\u0113mu loks,s\u0101kot no politik\u0101runietm l\u012bdz popkult\u016bras referenc\u0113m,kas \u013cauj ieg\u016bt jaunas perspekt\u012bvas un padzi\u013cin\u0101tu\u2063 pieredzi.<\/p>\n<p>Kopum\u0101, \u2064personific\u0113ti \u2064t-krekli ir svar\u012bgs m\u016bsdienu modes elements, kas \u013cauj cilv\u0113kiem ne \u2062tikai izcelt sevi k\u0101 individu\u0101las person\u012bbas, bet ar\u012b dal\u012bties ar sav\u0101m\u200b dom\u0101m un j\u016bt\u0101m pla\u0161\u0101k\u0101 sabiedr\u012bb\u0101. Tie kalpo k\u0101 rado\u0161a platforma, kur\u0101 \u2064cilv\u0113ki var realiz\u0113t savas idejas un identit\u0101tes, tren\u0113jot pa\u0161izpausmi un ori\u0123inalit\u0101ti.<\/p>\n<p><em>\u0160is saturs ir \u0123ener\u0113ts ar MI.<\/em><\/p>\n<h2 id=\"musdienu-makslinieku-dizaina-pieeja-personificetiem-t-kreklam\">M\u016bsdienu m\u0101kslinieku\u200d dizaina\u2063 pieeja personific\u0113tiem \u200dt-kreklam<\/h2>\n<p>M\u016bsdienu m\u0101kslinieku dizaina pieeja personific\u0113tiem t-krekliem ir ne tikai rado\u0161a, bet \u200car\u012b izteiksm\u012bga un daudzveid\u012bga. \u0160\u0101ds dizains bie\u017ei apvieno m\u0101ksliniecisk\u0101s izpausmes \u2063ar individu\u0101lo identit\u0101ti, \u013caujot ap\u0123\u0113rba\u200b valk\u0101t\u0101jiem izcelties no p\u016b\u013ca un demonstr\u0113t savu unik\u0101lo stilu.\u200b personific\u0113tie t-krekli k\u013cuvu\u0161i par \u2063platformu, kur\u0101 m\u0101kslinieki var izpausties, izmantojot da\u017e\u0101das tehnikas, kr\u0101su \u200cpaletes\u2064 un simboliku, kas\u2063 izsaka vi\u0146u redz\u0113jumu un v\u0113rt\u012bbas.<\/p>\n<p>M\u016bsdien\u0101s, kad pat\u0113r\u0113t\u0101ji mekl\u0113 \u200dveidus, k\u0101 identific\u0113ties ar z\u012bmoliem un pied\u0101v\u0101jumiem, personific\u0113ti t-krekli pied\u0101v\u0101 lielisku iesp\u0113ju apvienot modes tendences ar m\u0101ksliniecisk\u0101m idej\u0101m. \u0160aj\u0101 kontekst\u0101 svar\u012bga ir komunik\u0101cija starp m\u0101ksliniekiem \u2063un auditoriju \u2013 dizains vairs\u200d nav tikai vizu\u0101ls \u200celements, bet gan st\u0101sts, kas aicina uz dialogu.\u0160\u012bs dizaina pieejas popularit\u0101ti veicina ar\u012b\u200d soci\u0101lie mediji, kuros m\u0101kslinieki var dal\u012bties ar savu darbu un b\u016bt\u2063 tuv\u0101k saviem sekot\u0101jiem, t\u0101d\u0113j\u0101di veicinot\u2063 kolekt\u012bvu identit\u0101ti un kopienas veido\u0161anu. T-krekli k\u013c\u016bst par izsnieg\u0161anas un izsol\u012b\u0161anas izpausm\u0113m, nodro\u0161inot m\u0101ksliniekiem iesp\u0113ju ne\u200c tikai\u2062 g\u016bt pe\u013c\u0146u, bet ar\u012b dal\u012bties ar savu redz\u0113jumu pla\u0161\u0101kai sabiedr\u012bbai.<\/p>\n<p>Apskatot m\u016bsdienu m\u0101kslinieku dizaina pieeju personific\u0113tiem t-krekliem, redzam, cik svar\u012bgi ir ne vien est\u0113tika, bet ar\u012b emocion\u0101l\u0101 saikne un st\u0101sts, kas st\u0101v \u2062aiz katra rad\u012b\u0161anas procesa. \u2063T\u0101d\u0113j\u0101di personific\u0113tie t-krekli k\u013c\u016bst par ne tikai modes gabaliem, bet ar\u012b m\u0101kslas darbiem, kas sniedz iesp\u0113ju ikvienam valk\u0101t savus uzskatus un v\u0113rt\u012bbas.<\/p>\n<p><em>\u0160is \u2063saturs ir \u0123ener\u0113ts ar MI.<\/em><\/p>\n<h2 id=\"stila-padomi-ka-kombinet-personificetus-t-kreklus-ar-ikdienas-apgerbu\">Stila padomi: K\u0101 kombin\u0113t personific\u0113tus t-kreklus ar ikdienas ap\u0123\u0113rbu<\/h2>\n<p>Kad runa ir par personific\u0113tu t-kreklu stiliz\u0113\u0161anu, b\u016btiski ir \u2063saprast, ka \u0161ie ap\u0123\u0113rbi ir lielisks veids, k\u0101 izteikt savu individualit\u0101ti un stilu. T-krekli ar unik\u0101l\u0101m ilustr\u0101cij\u0101m, uzrakstiem vai dizainiem ir ne tikai komfortabli, bet ar\u012b piev\u0113r\u0161 uzman\u012bbu. apvienojot tos ar ikdienas \u2063ap\u0123\u0113rbu,iesp\u0113jams \u200brad\u012bt m\u016bsdien\u012bgu,stil\u012bgu un personisku izskatu.<\/p>\n<p>Lai \u2063pan\u0101ktu harmonisku kombin\u0101ciju, ir svar\u012bgi \u0146emt v\u0113r\u0101 t-krekla kr\u0101su un dizaina elementus. \u2064Tum\u0161i un neitr\u0101las kr\u0101sas t-krekli var b\u016bt viegl\u0101k\u200b saska\u0146ojami ar citiem ikdienas ap\u0123\u0113rbiem, piem\u0113ram, d\u017einsiem vai \u0161ortiem, radot elegantu un vienk\u0101r\u0161u izskatu.\u2062 Savuk\u0101rt spilgti un ko\u0161i t-krekli pieprasa r\u016bp\u012bg\u0101ku pieeju, \u200dlai nesaboj\u0101tu kop\u0113jo t\u0113lu. T\u0101d\u0113\u013c izv\u0113loties citus \u2064ap\u0123\u0113rbus, v\u0113lams izv\u0113l\u0113ties vienk\u0101r\u0161as un neuzkr\u012bto\u0161as formas vai kr\u0101sas, kas netrauc\u0113tu t-krekla galveno ideju.<\/p>\n<p>Svar\u012bga loma ir ar\u012b aksesu\u0101riem, kas var papildin\u0101t\u200b vai izcelt personific\u0113t\u0101 \u200ct-krekla t\u0113mu. Piem\u0113ram, izv\u0113loties \u2063vienk\u0101r\u0161as rotaslietas vai somas, var pal\u012bdz\u0113t izbalans\u0113t kop\u0113jo izskatu. L\u012bdz\u012bgas kr\u0101sas vai\u2062 stila deta\u013cas aksesu\u0101ros var pievienot koherenci un izcelt v\u0113rien\u012bgo t-kreklu.<\/p>\n<p>R\u016bp\u0113joties \u200dpar\u200c apavu \u2063izv\u0113li, iesp\u0113jams izv\u0113l\u0113ties\u2063 klasiskus sneakers vai vienk\u0101r\u0161as sandales, kas nodro\u0161in\u0101s komfortu ikdienas gait\u0101s, vienlaikus saglab\u0101jot stilu. Galvenais ir atrast to l\u012bdzsvaru, kur\u0101 personific\u0113tais t-krekls kalpo k\u0101 centr\u0101lais elements, \u200bbet \u2063p\u0101r\u0113jie ap\u0123\u0113rba gabali to atbalsta un neizsl\u0113dz.<\/p>\n<p>Kombin\u0113jot personific\u0113tus t-kreklus ar ikdienas ap\u0123\u0113rbu, svar\u012bgi ir nep\u0101rsp\u012bl\u0113t un piev\u0113rst uzman\u012bbu savam\u200c komfortam. \u0160\u0101ds pieg\u0101jiens ne \u2063tikai \u013cauj izteikt \u200csavu stilu, bet\u200d ar\u012b saglab\u0101 vieglumu\u2063 un praktiskumu\u2064 ikdienas dz\u012bv\u0113.<\/p>\n<p><em>\u0160is saturs\u2064 ir \u0123ener\u0113ts ar MI.<\/em><\/p>\n<h2 id=\"ekologiskas-un-socialas-atbildibas-aspekts-personificetu-t-kreklu-razosana\">Ekolo\u0123isk\u0101s un soci\u0101l\u0101s atbild\u012bbas aspekts personific\u0113tu t-kreklu\u2062 ra\u017eo\u0161an\u0101<\/h2>\n<p>Ekolo\u0123isk\u0101s un \u2064soci\u0101l\u0101s atbild\u012bbas aspekti personific\u0113tu t-kreklu ra\u017eo\u0161an\u0101 ir k\u013cuvu\u0161i par noz\u012bm\u012bgu jaut\u0101jumu m\u016bsdienu \u2062modes industrij\u0101. Arvien \u2062vair\u0101k pat\u0113r\u0113t\u0101ju apzin\u0101s savu\u200b lomu vides saglab\u0101\u0161an\u0101 un soci\u0101laj\u0101 taisn\u012bgum\u0101, kas\u200b mudina\u2063 ra\u017eot\u0101jus veidot ilgtsp\u0113j\u012bg\u0101kas prakses. <\/p>\n<p>Ra\u017eo\u0161anas proces\u0101 ir\u2064 svar\u012bgi \u0146emt v\u0113r\u0101 gan \u2062ekolo\u0123iskos, gan soci\u0101los aspektus, lai maksim\u0101li samazin\u0101tu \u2064negat\u012bvo\u200b ietekmi uz vidi un sabiedr\u012bbu. Ekolo\u0123isk\u0101 atbild\u012bba ietver \u2063resursu optim\u0101lu izmanto\u0161anu, dab\u012bgo audumu izv\u0113li un ekolo\u0123isku kr\u0101su tehnolo\u0123iju pielietojumu, kas samazina \u0137\u012bmisko vielu emisiju un atkritumu\u200b ra\u0161anos. \u2064Tas noz\u012bm\u0113, ka \u2062ra\u017eot\u0101ji izv\u0113las izmantot organiskas \u0161\u0137iedras, piem\u0113ram, kokvilnu vai linu, kas audz\u0113ti un p\u0101rstr\u0101d\u0101ti bez kait\u012bg\u0101m pestic\u012bdu\u2064 un \u0137\u012bmisko m\u0113slo\u0161anas l\u012bdzek\u013cu \u200dlieto\u0161anas.<\/p>\n<p>Soci\u0101l\u0101s atbild\u012bbas aspekts\u200b ietver \u200bdarbinieku ties\u012bbu iev\u0113ro\u0161anu, god\u012bgu samaksu \u200bun \u200ddro\u0161u\u200d darba vidi. T\u0101 k\u0101 \u2062personific\u0113ti t-krekli bie\u017ei tiek ra\u017eoti valst\u012bs ar zemu darba izmaksu, ir b\u016btiski nodro\u0161in\u0101t, ka ra\u017eot\u0101ji iev\u0113ro visus darba likumus\u2062 un \u2062nostiprina \u0113tisku ra\u017eo\u0161anas praksi.Atbalstot\u200b uz\u0146\u0113mumus, kas ap\u0146emas \u200cgarant\u0113t taisn\u012bgu atalgojumu un labv\u0113l\u012bgas darba apst\u0101k\u013cus saviem darbiniekiem, pat\u0113r\u0113t\u0101ji \u200dvar pievienoties\u200b ilgtsp\u0113j\u012bgas modes kust\u012bbai.<\/p>\n<p>Ekolo\u0123isko un\u200c soci\u0101lo atbild\u012bbu ir iesp\u0113jams sasniegt,\u2064 ja\u200d mode\u013ci un\u2063 dizain\u0113\u0161ana tiek veikta ar ilgtermi\u0146a ilgtsp\u0113j\u012bbas m\u0113r\u0137iem. M\u016bsdienu ikdien\u0101,kad \u200dmodes industrija arvien vair\u0101k p\u0101rorient\u0113jas \u2064uz atbild\u012bgu \u200bra\u017eo\u0161anu,personific\u0113ti t-krekli k\u013c\u016bst par platformu,kur\u0101 izpausties,saglab\u0101jot videi un sabiedr\u012bbai draudz\u012bgas v\u0113rt\u012bbas. Ra\u017eot\u0101jiem ir j\u0101veido cie\u0161\u0101ka sadarb\u012bba ar\u2062 pieg\u0101d\u0101t\u0101jiem \u2063un dizaineriem, lai kop\u012bgi rad\u012btu produkciju, kas ne tikai izsaka pat\u0113r\u0113t\u0101ja\u2063 individualit\u0101ti, bet ar\u012b nopietni attiecina pien\u0101kumu uz vidi un sabiedr\u012bbu.<\/p>\n<p>Ekolo\u0123isk\u0101s un soci\u0101l\u0101s atbild\u012bbas aspektu apzin\u0101\u0161an\u0101s\u200b ir ce\u013c\u0161 uz lab\u0101ku n\u0101kotni, kur mode ne tikai\u200b atspogu\u013co stilu un gaumi,\u200c bet ar\u012b piev\u0113r\u0161 uzman\u012bbu cilv\u0113ces un plan\u0113tas labkl\u0101j\u012bbai. Atbild\u012bgi ra\u017eoti personific\u0113ti\u200b t-krekli var veicin\u0101t p\u0101rmai\u0146as, \u2062kas\u200b atbalsta ilgtsp\u0113j\u012bgu att\u012bst\u012bbu un kop\u012bgu soci\u0101lo atbild\u012bbu, \u200dveidojot pasauli, kas ir labv\u0113l\u012bg\u0101ka visiem. <\/p>\n<p><em>\u0160is\u200c saturs \u2062ir \u0123ener\u0113ts ar MI.<\/em> <\/p>\n","protected":false},"excerpt":{"rendered":"<p>Personific\u0113ti t-krekli: \u200dM\u016bsdienu modes Self-izteiksme M\u016bsdienu modes \u200bpasaule ir k\u013cuvusi par saskarsmes lauku, kur katrs\u2062 indiv\u012bds mekl\u0113 veidus, k\u0101 izteikt sevi. Starp \u0161iem rado\u0161ajiem pa\u0146\u0113mieniem personific\u0113ti \u2064t-krekli ir ieguvu\u0161i \u012bpa\u0161u noz\u012bmi \u200b\u2013 tie ir ne tikai ap\u0123\u0113rba gabali, bet ar\u012b person\u012bbas \u2063un \u200cviedok\u013cu nes\u0113ji. Ikviens t-krekls\u200d st\u0101sta st\u0101stu,atspogu\u013co m\u0101kslas vai soci\u0101lo\u2064 koment\u0101ru,\u013caujot\u200d valk\u0101t\u0101jam ne tikai [&hellip;]<\/p>\n","protected":false},"author":1,"featured_media":0,"comment_status":"open","ping_status":"open","sticky":false,"template":"","format":"standard","meta":{"footnotes":""},"categories":[1],"tags":[],"class_list":["post-13091","post","type-post","status-publish","format-standard","hentry","category-blog"],"_links":{"self":[{"href":"https:\/\/printsale.lv\/davanas\/wp-json\/wp\/v2\/posts\/13091","targetHints":{"allow":["GET"]}}],"collection":[{"href":"https:\/\/printsale.lv\/davanas\/wp-json\/wp\/v2\/posts"}],"about":[{"href":"https:\/\/printsale.lv\/davanas\/wp-json\/wp\/v2\/types\/post"}],"author":[{"embeddable":true,"href":"https:\/\/printsale.lv\/davanas\/wp-json\/wp\/v2\/users\/1"}],"replies":[{"embeddable":true,"href":"https:\/\/printsale.lv\/davanas\/wp-json\/wp\/v2\/comments?post=13091"}],"version-history":[{"count":0,"href":"https:\/\/printsale.lv\/davanas\/wp-json\/wp\/v2\/posts\/13091\/revisions"}],"wp:attachment":[{"href":"https:\/\/printsale.lv\/davanas\/wp-json\/wp\/v2\/media?parent=13091"}],"wp:term":[{"taxonomy":"category","embeddable":true,"href":"https:\/\/printsale.lv\/davanas\/wp-json\/wp\/v2\/categories?post=13091"},{"taxonomy":"post_tag","embeddable":true,"href":"https:\/\/printsale.lv\/davanas\/wp-json\/wp\/v2\/tags?post=13091"}],"curies":[{"name":"wp","href":"https:\/\/api.w.org\/{rel}","templated":true}]}}